{"id":1538,"date":"2026-02-10T17:40:51","date_gmt":"2026-02-10T17:40:51","guid":{"rendered":"https:\/\/escuela-de-enfermeria.mx\/monterrey\/?p=1538"},"modified":"2026-02-10T18:13:57","modified_gmt":"2026-02-10T18:13:57","slug":"vocacion-y-compromiso-social-la-enfermeria-al-servicio-de-la-dignidad-humana","status":"publish","type":"post","link":"https:\/\/escuela-de-enfermeria.mx\/monterrey\/noticias\/02\/10\/vocacion-y-compromiso-social-la-enfermeria-al-servicio-de-la-dignidad-humana\/","title":{"rendered":"Vocaci\u00f3n y compromiso social: la enfermer\u00eda al servicio de la dignidad humana."},"content":{"rendered":"\n<p>La enfermer\u00eda es una profesi\u00f3n profundamente vinculada a la vocaci\u00f3n de servicio y al compromiso social. Cuidar de la vida humana implica reconocer la dignidad inherente de cada persona y responder a sus necesidades desde una perspectiva \u00e9tica, emp\u00e1tica y solidaria. En este sentido, la formaci\u00f3n universitaria en enfermer\u00eda desempe\u00f1a un papel esencial al fortalecer la conciencia social y el sentido de responsabilidad profesional en las y los estudiantes.<\/p>\n\n\n\n<p>La vocaci\u00f3n en enfermer\u00eda no se limita al deseo de ayudar, sino que se consolida a trav\u00e9s de una educaci\u00f3n integral que promueve valores, pensamiento cr\u00edtico y sensibilidad ante las realidades sociales que influyen en la salud. El compromiso social del profesional de enfermer\u00eda se expresa en su capacidad para comprender los determinantes sociales de la salud y actuar de manera responsable frente a las desigualdades, la vulnerabilidad y las necesidades de las comunidades.<\/p>\n\n\n\n<p>Desde el \u00e1mbito acad\u00e9mico, fomentar el compromiso social implica preparar profesionales capaces de participar activamente en acciones de prevenci\u00f3n, promoci\u00f3n de la salud y atenci\u00f3n comunitaria, as\u00ed como de contribuir al fortalecimiento del sistema de salud con una visi\u00f3n humanista. Esta formaci\u00f3n permite que el cuidado trascienda el entorno hospitalario y se proyecte hacia la comunidad, promoviendo el bienestar colectivo y la justicia social.<\/p>\n\n\n\n<p>El ejercicio de la enfermer\u00eda desde la vocaci\u00f3n y el compromiso social tambi\u00e9n conlleva una responsabilidad \u00e9tica permanente. Cada acto de cuidado representa una oportunidad para defender los derechos del paciente, respetar su dignidad y brindar una atenci\u00f3n centrada en la persona, independientemente de su contexto social, cultural o econ\u00f3mico.<\/p>\n\n\n\n<p>Servir desde la enfermer\u00eda es asumir la misi\u00f3n de cuidar con conocimiento, sensibilidad y responsabilidad. Una pr\u00e1ctica profesional guiada por la vocaci\u00f3n y el compromiso social fortalece el sentido humano del cuidado y reafirma el papel de la enfermer\u00eda como una profesi\u00f3n esencial para la construcci\u00f3n de una sociedad m\u00e1s justa, solidaria y saludable.<\/p>\n","protected":false},"excerpt":{"rendered":"<p>Una formaci\u00f3n universitaria integral fortalece la sensibilidad \u00e9tica y social del profesional, permiti\u00e9ndole brindar un cuidado humano, equitativo y respetuoso, y contribuir activamente al bienestar de las personas y las comunidades.<\/p>\n","protected":false},"author":6,"featured_media":1545,"comment_status":"open","ping_status":"open","sticky":false,"template":"","format":"standard","meta":{"_acf_changed":false,"footnotes":""},"categories":[3],"tags":[17,27],"class_list":["post-1538","post","type-post","status-publish","format-standard","has-post-thumbnail","hentry","category-noticias","tag-escuela-de-enfermeria","tag-monterrey"],"acf":[],"yoast_head":"<!-- This site is optimized with the Yoast SEO plugin v27.5 - https:\/\/yoast.com\/product\/yoast-seo-wordpress\/ -->\n<title>Vocaci\u00f3n y compromiso social: la enfermer\u00eda al servicio de la dignidad humana. - Escuela de Enfermer\u00eda Christus Muguerza-UDEM Monterrey<\/title>\n<meta name=\"robots\" content=\"index, follow, max-snippet:-1, max-image-preview:large, max-video-preview:-1\" \/>\n<link rel=\"canonical\" href=\"https:\/\/escuela-de-enfermeria.mx\/monterrey\/noticias\/02\/10\/vocacion-y-compromiso-social-la-enfermeria-al-servicio-de-la-dignidad-humana\/\" \/>\n<meta property=\"og:locale\" content=\"es_MX\" \/>\n<meta property=\"og:type\" content=\"article\" \/>\n<meta property=\"og:title\" content=\"Vocaci\u00f3n y compromiso social: la enfermer\u00eda al servicio de la dignidad humana. - Escuela de Enfermer\u00eda Christus Muguerza-UDEM Monterrey\" \/>\n<meta property=\"og:description\" content=\"Una formaci\u00f3n universitaria integral fortalece la sensibilidad \u00e9tica y social del profesional, permiti\u00e9ndole brindar un cuidado humano, equitativo y respetuoso, y contribuir activamente al bienestar de las personas y las comunidades.\" \/>\n<meta property=\"og:url\" content=\"https:\/\/escuela-de-enfermeria.mx\/monterrey\/noticias\/02\/10\/vocacion-y-compromiso-social-la-enfermeria-al-servicio-de-la-dignidad-humana\/\" \/>\n<meta property=\"og:site_name\" content=\"Escuela de Enfermer\u00eda Christus Muguerza-UDEM Monterrey\" \/>\n<meta property=\"article:published_time\" content=\"2026-02-10T17:40:51+00:00\" \/>\n<meta property=\"article:modified_time\" content=\"2026-02-10T18:13:57+00:00\" \/>\n<meta property=\"og:image\" content=\"https:\/\/escuela-de-enfermeria.mx\/monterrey\/wp-content\/uploads\/sites\/2\/2026\/02\/banner-de-boletin2.png\" \/>\n\t<meta property=\"og:image:width\" content=\"1680\" \/>\n\t<meta property=\"og:image:height\" content=\"614\" \/>\n\t<meta property=\"og:image:type\" content=\"image\/png\" \/>\n<meta name=\"author\" content=\"lesslie\" \/>\n<meta name=\"twitter:card\" content=\"summary_large_image\" \/>\n<meta name=\"twitter:label1\" content=\"Escrito por\" \/>\n\t<meta name=\"twitter:data1\" content=\"lesslie\" \/>\n\t<meta name=\"twitter:label2\" content=\"Tiempo de lectura\" \/>\n\t<meta name=\"twitter:data2\" content=\"2 minutos\" \/>\n<script type=\"application\/ld+json\" class=\"yoast-schema-graph\">{\"@context\":\"https:\\\/\\\/schema.org\",\"@graph\":[{\"@type\":\"Article\",\"@id\":\"https:\\\/\\\/escuela-de-enfermeria.mx\\\/monterrey\\\/noticias\\\/02\\\/10\\\/vocacion-y-compromiso-social-la-enfermeria-al-servicio-de-la-dignidad-humana\\\/#article\",\"isPartOf\":{\"@id\":\"https:\\\/\\\/escuela-de-enfermeria.mx\\\/monterrey\\\/noticias\\\/02\\\/10\\\/vocacion-y-compromiso-social-la-enfermeria-al-servicio-de-la-dignidad-humana\\\/\"},\"author\":{\"name\":\"lesslie\",\"@id\":\"https:\\\/\\\/escuela-de-enfermeria.mx\\\/monterrey\\\/#\\\/schema\\\/person\\\/0ee588372340b2ee3da60bbf340c212a\"},\"headline\":\"Vocaci\u00f3n y compromiso social: la enfermer\u00eda al servicio de la dignidad humana.\",\"datePublished\":\"2026-02-10T17:40:51+00:00\",\"dateModified\":\"2026-02-10T18:13:57+00:00\",\"mainEntityOfPage\":{\"@id\":\"https:\\\/\\\/escuela-de-enfermeria.mx\\\/monterrey\\\/noticias\\\/02\\\/10\\\/vocacion-y-compromiso-social-la-enfermeria-al-servicio-de-la-dignidad-humana\\\/\"},\"wordCount\":357,\"commentCount\":0,\"image\":{\"@id\":\"https:\\\/\\\/escuela-de-enfermeria.mx\\\/monterrey\\\/noticias\\\/02\\\/10\\\/vocacion-y-compromiso-social-la-enfermeria-al-servicio-de-la-dignidad-humana\\\/#primaryimage\"},\"thumbnailUrl\":\"https:\\\/\\\/escuela-de-enfermeria.mx\\\/monterrey\\\/wp-content\\\/uploads\\\/sites\\\/2\\\/2026\\\/02\\\/banner-de-boletin2.png\",\"keywords\":[\"Escuela de Enfermer\u00eda\",\"Monterrey\"],\"articleSection\":[\"Noticias\"],\"inLanguage\":\"es\",\"potentialAction\":[{\"@type\":\"CommentAction\",\"name\":\"Comment\",\"target\":[\"https:\\\/\\\/escuela-de-enfermeria.mx\\\/monterrey\\\/noticias\\\/02\\\/10\\\/vocacion-y-compromiso-social-la-enfermeria-al-servicio-de-la-dignidad-humana\\\/#respond\"]}]},{\"@type\":\"WebPage\",\"@id\":\"https:\\\/\\\/escuela-de-enfermeria.mx\\\/monterrey\\\/noticias\\\/02\\\/10\\\/vocacion-y-compromiso-social-la-enfermeria-al-servicio-de-la-dignidad-humana\\\/\",\"url\":\"https:\\\/\\\/escuela-de-enfermeria.mx\\\/monterrey\\\/noticias\\\/02\\\/10\\\/vocacion-y-compromiso-social-la-enfermeria-al-servicio-de-la-dignidad-humana\\\/\",\"name\":\"Vocaci\u00f3n y compromiso social: la enfermer\u00eda al servicio de la dignidad humana. - Escuela de Enfermer\u00eda Christus Muguerza-UDEM Monterrey\",\"isPartOf\":{\"@id\":\"https:\\\/\\\/escuela-de-enfermeria.mx\\\/monterrey\\\/#website\"},\"primaryImageOfPage\":{\"@id\":\"https:\\\/\\\/escuela-de-enfermeria.mx\\\/monterrey\\\/noticias\\\/02\\\/10\\\/vocacion-y-compromiso-social-la-enfermeria-al-servicio-de-la-dignidad-humana\\\/#primaryimage\"},\"image\":{\"@id\":\"https:\\\/\\\/escuela-de-enfermeria.mx\\\/monterrey\\\/noticias\\\/02\\\/10\\\/vocacion-y-compromiso-social-la-enfermeria-al-servicio-de-la-dignidad-humana\\\/#primaryimage\"},\"thumbnailUrl\":\"https:\\\/\\\/escuela-de-enfermeria.mx\\\/monterrey\\\/wp-content\\\/uploads\\\/sites\\\/2\\\/2026\\\/02\\\/banner-de-boletin2.png\",\"datePublished\":\"2026-02-10T17:40:51+00:00\",\"dateModified\":\"2026-02-10T18:13:57+00:00\",\"author\":{\"@id\":\"https:\\\/\\\/escuela-de-enfermeria.mx\\\/monterrey\\\/#\\\/schema\\\/person\\\/0ee588372340b2ee3da60bbf340c212a\"},\"breadcrumb\":{\"@id\":\"https:\\\/\\\/escuela-de-enfermeria.mx\\\/monterrey\\\/noticias\\\/02\\\/10\\\/vocacion-y-compromiso-social-la-enfermeria-al-servicio-de-la-dignidad-humana\\\/#breadcrumb\"},\"inLanguage\":\"es\",\"potentialAction\":[{\"@type\":\"ReadAction\",\"target\":[\"https:\\\/\\\/escuela-de-enfermeria.mx\\\/monterrey\\\/noticias\\\/02\\\/10\\\/vocacion-y-compromiso-social-la-enfermeria-al-servicio-de-la-dignidad-humana\\\/\"]}]},{\"@type\":\"ImageObject\",\"inLanguage\":\"es\",\"@id\":\"https:\\\/\\\/escuela-de-enfermeria.mx\\\/monterrey\\\/noticias\\\/02\\\/10\\\/vocacion-y-compromiso-social-la-enfermeria-al-servicio-de-la-dignidad-humana\\\/#primaryimage\",\"url\":\"https:\\\/\\\/escuela-de-enfermeria.mx\\\/monterrey\\\/wp-content\\\/uploads\\\/sites\\\/2\\\/2026\\\/02\\\/banner-de-boletin2.png\",\"contentUrl\":\"https:\\\/\\\/escuela-de-enfermeria.mx\\\/monterrey\\\/wp-content\\\/uploads\\\/sites\\\/2\\\/2026\\\/02\\\/banner-de-boletin2.png\",\"width\":1680,\"height\":614},{\"@type\":\"BreadcrumbList\",\"@id\":\"https:\\\/\\\/escuela-de-enfermeria.mx\\\/monterrey\\\/noticias\\\/02\\\/10\\\/vocacion-y-compromiso-social-la-enfermeria-al-servicio-de-la-dignidad-humana\\\/#breadcrumb\",\"itemListElement\":[{\"@type\":\"ListItem\",\"position\":1,\"name\":\"Inicio\",\"item\":\"https:\\\/\\\/escuela-de-enfermeria.mx\\\/monterrey\\\/\"},{\"@type\":\"ListItem\",\"position\":2,\"name\":\"Vocaci\u00f3n y compromiso social: la enfermer\u00eda al servicio de la dignidad humana.\"}]},{\"@type\":\"WebSite\",\"@id\":\"https:\\\/\\\/escuela-de-enfermeria.mx\\\/monterrey\\\/#website\",\"url\":\"https:\\\/\\\/escuela-de-enfermeria.mx\\\/monterrey\\\/\",\"name\":\"Escuela de Enfermer\u00eda Christus Muguerza-UDEM Monterrey\",\"description\":\"Otro sitio m\u00e1s de Escuela de Enfermer\u00eda Christus Muguerza-UDEM\",\"potentialAction\":[{\"@type\":\"SearchAction\",\"target\":{\"@type\":\"EntryPoint\",\"urlTemplate\":\"https:\\\/\\\/escuela-de-enfermeria.mx\\\/monterrey\\\/?s={search_term_string}\"},\"query-input\":{\"@type\":\"PropertyValueSpecification\",\"valueRequired\":true,\"valueName\":\"search_term_string\"}}],\"inLanguage\":\"es\"},{\"@type\":\"Person\",\"@id\":\"https:\\\/\\\/escuela-de-enfermeria.mx\\\/monterrey\\\/#\\\/schema\\\/person\\\/0ee588372340b2ee3da60bbf340c212a\",\"name\":\"lesslie\",\"image\":{\"@type\":\"ImageObject\",\"inLanguage\":\"es\",\"@id\":\"https:\\\/\\\/secure.gravatar.com\\\/avatar\\\/d69a63b58a17a6ce6a640d3edb22bf8f505bf72a7efe5b74d61acbb3bbc50e82?s=96&d=mm&r=g\",\"url\":\"https:\\\/\\\/secure.gravatar.com\\\/avatar\\\/d69a63b58a17a6ce6a640d3edb22bf8f505bf72a7efe5b74d61acbb3bbc50e82?s=96&d=mm&r=g\",\"contentUrl\":\"https:\\\/\\\/secure.gravatar.com\\\/avatar\\\/d69a63b58a17a6ce6a640d3edb22bf8f505bf72a7efe5b74d61acbb3bbc50e82?s=96&d=mm&r=g\",\"caption\":\"lesslie\"},\"url\":\"https:\\\/\\\/escuela-de-enfermeria.mx\\\/monterrey\\\/author\\\/lesslie\\\/\"}]}<\/script>\n<!-- \/ Yoast SEO plugin. -->","yoast_head_json":{"title":"Vocaci\u00f3n y compromiso social: la enfermer\u00eda al servicio de la dignidad humana. - Escuela de Enfermer\u00eda Christus Muguerza-UDEM Monterrey","robots":{"index":"index","follow":"follow","max-snippet":"max-snippet:-1","max-image-preview":"max-image-preview:large","max-video-preview":"max-video-preview:-1"},"canonical":"https:\/\/escuela-de-enfermeria.mx\/monterrey\/noticias\/02\/10\/vocacion-y-compromiso-social-la-enfermeria-al-servicio-de-la-dignidad-humana\/","og_locale":"es_MX","og_type":"article","og_title":"Vocaci\u00f3n y compromiso social: la enfermer\u00eda al servicio de la dignidad humana. - Escuela de Enfermer\u00eda Christus Muguerza-UDEM Monterrey","og_description":"Una formaci\u00f3n universitaria integral fortalece la sensibilidad \u00e9tica y social del profesional, permiti\u00e9ndole brindar un cuidado humano, equitativo y respetuoso, y contribuir activamente al bienestar de las personas y las comunidades.","og_url":"https:\/\/escuela-de-enfermeria.mx\/monterrey\/noticias\/02\/10\/vocacion-y-compromiso-social-la-enfermeria-al-servicio-de-la-dignidad-humana\/","og_site_name":"Escuela de Enfermer\u00eda Christus Muguerza-UDEM Monterrey","article_published_time":"2026-02-10T17:40:51+00:00","article_modified_time":"2026-02-10T18:13:57+00:00","og_image":[{"width":1680,"height":614,"url":"https:\/\/escuela-de-enfermeria.mx\/monterrey\/wp-content\/uploads\/sites\/2\/2026\/02\/banner-de-boletin2.png","type":"image\/png"}],"author":"lesslie","twitter_card":"summary_large_image","twitter_misc":{"Escrito por":"lesslie","Tiempo de lectura":"2 minutos"},"schema":{"@context":"https:\/\/schema.org","@graph":[{"@type":"Article","@id":"https:\/\/escuela-de-enfermeria.mx\/monterrey\/noticias\/02\/10\/vocacion-y-compromiso-social-la-enfermeria-al-servicio-de-la-dignidad-humana\/#article","isPartOf":{"@id":"https:\/\/escuela-de-enfermeria.mx\/monterrey\/noticias\/02\/10\/vocacion-y-compromiso-social-la-enfermeria-al-servicio-de-la-dignidad-humana\/"},"author":{"name":"lesslie","@id":"https:\/\/escuela-de-enfermeria.mx\/monterrey\/#\/schema\/person\/0ee588372340b2ee3da60bbf340c212a"},"headline":"Vocaci\u00f3n y compromiso social: la enfermer\u00eda al servicio de la dignidad humana.","datePublished":"2026-02-10T17:40:51+00:00","dateModified":"2026-02-10T18:13:57+00:00","mainEntityOfPage":{"@id":"https:\/\/escuela-de-enfermeria.mx\/monterrey\/noticias\/02\/10\/vocacion-y-compromiso-social-la-enfermeria-al-servicio-de-la-dignidad-humana\/"},"wordCount":357,"commentCount":0,"image":{"@id":"https:\/\/escuela-de-enfermeria.mx\/monterrey\/noticias\/02\/10\/vocacion-y-compromiso-social-la-enfermeria-al-servicio-de-la-dignidad-humana\/#primaryimage"},"thumbnailUrl":"https:\/\/escuela-de-enfermeria.mx\/monterrey\/wp-content\/uploads\/sites\/2\/2026\/02\/banner-de-boletin2.png","keywords":["Escuela de Enfermer\u00eda","Monterrey"],"articleSection":["Noticias"],"inLanguage":"es","potentialAction":[{"@type":"CommentAction","name":"Comment","target":["https:\/\/escuela-de-enfermeria.mx\/monterrey\/noticias\/02\/10\/vocacion-y-compromiso-social-la-enfermeria-al-servicio-de-la-dignidad-humana\/#respond"]}]},{"@type":"WebPage","@id":"https:\/\/escuela-de-enfermeria.mx\/monterrey\/noticias\/02\/10\/vocacion-y-compromiso-social-la-enfermeria-al-servicio-de-la-dignidad-humana\/","url":"https:\/\/escuela-de-enfermeria.mx\/monterrey\/noticias\/02\/10\/vocacion-y-compromiso-social-la-enfermeria-al-servicio-de-la-dignidad-humana\/","name":"Vocaci\u00f3n y compromiso social: la enfermer\u00eda al servicio de la dignidad humana. - Escuela de Enfermer\u00eda Christus Muguerza-UDEM Monterrey","isPartOf":{"@id":"https:\/\/escuela-de-enfermeria.mx\/monterrey\/#website"},"primaryImageOfPage":{"@id":"https:\/\/escuela-de-enfermeria.mx\/monterrey\/noticias\/02\/10\/vocacion-y-compromiso-social-la-enfermeria-al-servicio-de-la-dignidad-humana\/#primaryimage"},"image":{"@id":"https:\/\/escuela-de-enfermeria.mx\/monterrey\/noticias\/02\/10\/vocacion-y-compromiso-social-la-enfermeria-al-servicio-de-la-dignidad-humana\/#primaryimage"},"thumbnailUrl":"https:\/\/escuela-de-enfermeria.mx\/monterrey\/wp-content\/uploads\/sites\/2\/2026\/02\/banner-de-boletin2.png","datePublished":"2026-02-10T17:40:51+00:00","dateModified":"2026-02-10T18:13:57+00:00","author":{"@id":"https:\/\/escuela-de-enfermeria.mx\/monterrey\/#\/schema\/person\/0ee588372340b2ee3da60bbf340c212a"},"breadcrumb":{"@id":"https:\/\/escuela-de-enfermeria.mx\/monterrey\/noticias\/02\/10\/vocacion-y-compromiso-social-la-enfermeria-al-servicio-de-la-dignidad-humana\/#breadcrumb"},"inLanguage":"es","potentialAction":[{"@type":"ReadAction","target":["https:\/\/escuela-de-enfermeria.mx\/monterrey\/noticias\/02\/10\/vocacion-y-compromiso-social-la-enfermeria-al-servicio-de-la-dignidad-humana\/"]}]},{"@type":"ImageObject","inLanguage":"es","@id":"https:\/\/escuela-de-enfermeria.mx\/monterrey\/noticias\/02\/10\/vocacion-y-compromiso-social-la-enfermeria-al-servicio-de-la-dignidad-humana\/#primaryimage","url":"https:\/\/escuela-de-enfermeria.mx\/monterrey\/wp-content\/uploads\/sites\/2\/2026\/02\/banner-de-boletin2.png","contentUrl":"https:\/\/escuela-de-enfermeria.mx\/monterrey\/wp-content\/uploads\/sites\/2\/2026\/02\/banner-de-boletin2.png","width":1680,"height":614},{"@type":"BreadcrumbList","@id":"https:\/\/escuela-de-enfermeria.mx\/monterrey\/noticias\/02\/10\/vocacion-y-compromiso-social-la-enfermeria-al-servicio-de-la-dignidad-humana\/#breadcrumb","itemListElement":[{"@type":"ListItem","position":1,"name":"Inicio","item":"https:\/\/escuela-de-enfermeria.mx\/monterrey\/"},{"@type":"ListItem","position":2,"name":"Vocaci\u00f3n y compromiso social: la enfermer\u00eda al servicio de la dignidad humana."}]},{"@type":"WebSite","@id":"https:\/\/escuela-de-enfermeria.mx\/monterrey\/#website","url":"https:\/\/escuela-de-enfermeria.mx\/monterrey\/","name":"Escuela de Enfermer\u00eda Christus Muguerza-UDEM Monterrey","description":"Otro sitio m\u00e1s de Escuela de Enfermer\u00eda Christus Muguerza-UDEM","potentialAction":[{"@type":"SearchAction","target":{"@type":"EntryPoint","urlTemplate":"https:\/\/escuela-de-enfermeria.mx\/monterrey\/?s={search_term_string}"},"query-input":{"@type":"PropertyValueSpecification","valueRequired":true,"valueName":"search_term_string"}}],"inLanguage":"es"},{"@type":"Person","@id":"https:\/\/escuela-de-enfermeria.mx\/monterrey\/#\/schema\/person\/0ee588372340b2ee3da60bbf340c212a","name":"lesslie","image":{"@type":"ImageObject","inLanguage":"es","@id":"https:\/\/secure.gravatar.com\/avatar\/d69a63b58a17a6ce6a640d3edb22bf8f505bf72a7efe5b74d61acbb3bbc50e82?s=96&d=mm&r=g","url":"https:\/\/secure.gravatar.com\/avatar\/d69a63b58a17a6ce6a640d3edb22bf8f505bf72a7efe5b74d61acbb3bbc50e82?s=96&d=mm&r=g","contentUrl":"https:\/\/secure.gravatar.com\/avatar\/d69a63b58a17a6ce6a640d3edb22bf8f505bf72a7efe5b74d61acbb3bbc50e82?s=96&d=mm&r=g","caption":"lesslie"},"url":"https:\/\/escuela-de-enfermeria.mx\/monterrey\/author\/lesslie\/"}]}},"_links":{"self":[{"href":"https:\/\/escuela-de-enfermeria.mx\/monterrey\/wp-json\/wp\/v2\/posts\/1538","targetHints":{"allow":["GET"]}}],"collection":[{"href":"https:\/\/escuela-de-enfermeria.mx\/monterrey\/wp-json\/wp\/v2\/posts"}],"about":[{"href":"https:\/\/escuela-de-enfermeria.mx\/monterrey\/wp-json\/wp\/v2\/types\/post"}],"author":[{"embeddable":true,"href":"https:\/\/escuela-de-enfermeria.mx\/monterrey\/wp-json\/wp\/v2\/users\/6"}],"replies":[{"embeddable":true,"href":"https:\/\/escuela-de-enfermeria.mx\/monterrey\/wp-json\/wp\/v2\/comments?post=1538"}],"version-history":[{"count":2,"href":"https:\/\/escuela-de-enfermeria.mx\/monterrey\/wp-json\/wp\/v2\/posts\/1538\/revisions"}],"predecessor-version":[{"id":1546,"href":"https:\/\/escuela-de-enfermeria.mx\/monterrey\/wp-json\/wp\/v2\/posts\/1538\/revisions\/1546"}],"wp:featuredmedia":[{"embeddable":true,"href":"https:\/\/escuela-de-enfermeria.mx\/monterrey\/wp-json\/wp\/v2\/media\/1545"}],"wp:attachment":[{"href":"https:\/\/escuela-de-enfermeria.mx\/monterrey\/wp-json\/wp\/v2\/media?parent=1538"}],"wp:term":[{"taxonomy":"category","embeddable":true,"href":"https:\/\/escuela-de-enfermeria.mx\/monterrey\/wp-json\/wp\/v2\/categories?post=1538"},{"taxonomy":"post_tag","embeddable":true,"href":"https:\/\/escuela-de-enfermeria.mx\/monterrey\/wp-json\/wp\/v2\/tags?post=1538"}],"curies":[{"name":"wp","href":"https:\/\/api.w.org\/{rel}","templated":true}]}}